{"id":7158,"date":"2020-08-11T19:08:04","date_gmt":"2020-08-11T19:08:04","guid":{"rendered":"https:\/\/citcem2023.citcem.org\/revista-historia-publishes-economic-history-dossier-organized-by-citcem-researcher\/"},"modified":"2020-08-11T19:08:04","modified_gmt":"2020-08-11T19:08:04","slug":"revista-historia-publishes-economic-history-dossier-organized-by-citcem-researcher","status":"publish","type":"post","link":"https:\/\/citcem2023.citcem.org\/en\/revista-historia-publishes-economic-history-dossier-organized-by-citcem-researcher\/","title":{"rendered":"Revista Hist\u00f3ria publishes Economic History Dossier organized by CITCEM researcher"},"content":{"rendered":"<div class=\"news-text\">\n<div><strong>A Dossier on Economic History was published<\/strong> <strong>in Revista Hist\u00f3ria (S\u00e3o Paulo), v.39, 2020 <\/strong>, entitled  <strong>&#8220;History of colonization in S\u00e3o Paulo lands: dynamics and transformations (16th to 20th centuries)&#8221;.<\/strong>  Organized by L\u00e9lio de OLiveira (FEARP &#8211; USP and CITCEM), Paulo C\u00e9sar Gon\u00e7alves (Unesp) and Pablo Oller Mont Serrat (Jaime Cortes\u00e3o Chair-USP), it can be consulted at:  <a href=\"https:\/\/www.scielo.br\/scielo.php?script=sci_issuetoc&amp;pid=0101-907420200001&amp;lng=pt&amp;nrm=iso\" target=\"_blank\" rel=\"noopener\">https:\/\/www.scielo.br\/scielo.php?script=sci_issuetoc&amp;pid=0101-907420200001&amp;lng=pt&amp;nrm=iso<\/a><\/div>\n<p>&nbsp;<\/p>\n<\/div>\n<h4>Files<\/h4>\n<p><a href=\"https:\/\/citcem2023.citcem.org\/wp-content\/uploads\/2022\/11\/Divulgayyo_Dossiy_Histyria_SP_-_v.39_2020.pdf\" download=\"\">COVER<\/a><\/p>\n","protected":false},"excerpt":{"rendered":"<p>A Dossier on Economic History was published in Revista Hist\u00f3ria (S\u00e3o Paulo), v.39, 2020 , entitled &#8220;History of colonization in S\u00e3o Paulo lands: dynamics and transformations (16th to 20th centuries)&#8221;. Organized by L\u00e9lio de OLiveira (FEARP &#8211; USP and CITCEM), Paulo C\u00e9sar Gon\u00e7alves (Unesp) and Pablo Oller Mont Serrat (Jaime Cortes\u00e3o Chair-USP), it can be [&hellip;]<\/p>\n","protected":false},"author":3,"featured_media":7020,"comment_status":"","ping_status":"","sticky":false,"template":"","format":"standard","meta":[],"categories":[242],"tags":[],"ano-noticia":[266],"_links":{"self":[{"href":"https:\/\/citcem2023.citcem.org\/en\/wp-json\/wp\/v2\/posts\/7158"}],"collection":[{"href":"https:\/\/citcem2023.citcem.org\/en\/wp-json\/wp\/v2\/posts"}],"about":[{"href":"https:\/\/citcem2023.citcem.org\/en\/wp-json\/wp\/v2\/types\/post"}],"author":[{"embeddable":true,"href":"https:\/\/citcem2023.citcem.org\/en\/wp-json\/wp\/v2\/users\/3"}],"replies":[{"embeddable":true,"href":"https:\/\/citcem2023.citcem.org\/en\/wp-json\/wp\/v2\/comments?post=7158"}],"version-history":[{"count":0,"href":"https:\/\/citcem2023.citcem.org\/en\/wp-json\/wp\/v2\/posts\/7158\/revisions"}],"wp:featuredmedia":[{"embeddable":true,"href":"https:\/\/citcem2023.citcem.org\/en\/wp-json\/wp\/v2\/media\/7020"}],"wp:attachment":[{"href":"https:\/\/citcem2023.citcem.org\/en\/wp-json\/wp\/v2\/media?parent=7158"}],"wp:term":[{"taxonomy":"category","embeddable":true,"href":"https:\/\/citcem2023.citcem.org\/en\/wp-json\/wp\/v2\/categories?post=7158"},{"taxonomy":"post_tag","embeddable":true,"href":"https:\/\/citcem2023.citcem.org\/en\/wp-json\/wp\/v2\/tags?post=7158"},{"taxonomy":"ano-noticia","embeddable":true,"href":"https:\/\/citcem2023.citcem.org\/en\/wp-json\/wp\/v2\/ano-noticia?post=7158"}],"curies":[{"name":"wp","href":"https:\/\/api.w.org\/{rel}","templated":true}]}}