{"id":7150,"date":"2020-09-07T21:45:22","date_gmt":"2020-09-07T21:45:22","guid":{"rendered":"https:\/\/citcem2023.citcem.org\/articles-of-citcems-researchers-published-in-the-jn-historia\/"},"modified":"2020-09-07T21:45:22","modified_gmt":"2020-09-07T21:45:22","slug":"articles-of-citcems-researchers-published-in-the-jn-historia","status":"publish","type":"post","link":"https:\/\/citcem2023.citcem.org\/en\/articles-of-citcems-researchers-published-in-the-jn-historia\/","title":{"rendered":"Articles of CITCEM&#8217;s researchers published in the JN Hist\u00f3ria"},"content":{"rendered":"<div class=\"news-text\">\n<p>The 27th issue of JN Hist\u00f3ria counted with the participation of Am\u00e2ndio Barros and Carla Ribeiro, researchers from CITCEM and professors at Escola Superior de Educa\u00e7\u00e3o do Instituto Polit\u00e9cnico do Porto.<\/p>\n<p>&#8220;The Slaves of the Ship &#8220;Concei\u00e7\u00e3o&#8221;&#8221; is the title of Am\u00e2ndio Barros&#8217; article. The author reflects on the history of slavery in the Modern Age. The Atlantic slave trade is the focus of this piece on a theme considered by the author to be essential to the long term empire building process. A &#8220;business&#8221; that involved large capitalists and commercial networks, which has its genesis in the Middle Ages, but which was consolidated in the Modern Age. Am\u00e2ndio Barros takes the itinerary of the ship Concei\u00e7\u00e3o as a case study, analyzing some aspects of this phenomenon, to which the Portuguese were deeply attached. An extremely relevant article that demonstrates a reality that continues to shock and mobilize the contemporary world.<\/p>\n<p>Carla Ribeiro publishes the article &#8220;Adventures and Misadventures of Portuguese films in the 1930s and 1940s&#8221;, the basis both of the cover of this issue of JN Hist\u00f3ria and of the reference by Pedro Olavo Sim\u00f5es, author of &#8220;Os fascismos europeus projetados no tela&#8221;, published in the same issue. Carla Ribeiro talks about Portuguese cinema in the beginning of the Estado Novo and its relevance as a tool used to provoke the senses above reflection, functioning as an effective &#8220;weapon&#8221; in the hands of power, especially of single ideology states. The author analyzes several scenes taken from well-known Portuguese films of the time. It develops a reflection on the way cinema became an ideal channel for propaganda and the production of an institutional and manipulated history, at a time when the theatricalization of these ideologies resulted in an interdependent relationship between languages of power and cinema.<\/p>\n<p>&nbsp;<\/p>\n<p>+ info: <a href=\"https:\/\/jnhistoria.jn.pt\/edicao-27\/\">https:\/\/jnhistoria.jn.pt\/edicao-27\/<\/a><\/p>\n<\/div>\n","protected":false},"excerpt":{"rendered":"<p>The 27th issue of JN Hist\u00f3ria counted with the participation of Am\u00e2ndio Barros and Carla Ribeiro, researchers from CITCEM and professors at Escola Superior de Educa\u00e7\u00e3o do Instituto Polit\u00e9cnico do Porto. &#8220;The Slaves of the Ship &#8220;Concei\u00e7\u00e3o&#8221;&#8221; is the title of Am\u00e2ndio Barros&#8217; article. The author reflects on the history of slavery in the Modern [&hellip;]<\/p>\n","protected":false},"author":3,"featured_media":7042,"comment_status":"","ping_status":"","sticky":false,"template":"","format":"standard","meta":[],"categories":[242],"tags":[],"ano-noticia":[266],"_links":{"self":[{"href":"https:\/\/citcem2023.citcem.org\/en\/wp-json\/wp\/v2\/posts\/7150"}],"collection":[{"href":"https:\/\/citcem2023.citcem.org\/en\/wp-json\/wp\/v2\/posts"}],"about":[{"href":"https:\/\/citcem2023.citcem.org\/en\/wp-json\/wp\/v2\/types\/post"}],"author":[{"embeddable":true,"href":"https:\/\/citcem2023.citcem.org\/en\/wp-json\/wp\/v2\/users\/3"}],"replies":[{"embeddable":true,"href":"https:\/\/citcem2023.citcem.org\/en\/wp-json\/wp\/v2\/comments?post=7150"}],"version-history":[{"count":0,"href":"https:\/\/citcem2023.citcem.org\/en\/wp-json\/wp\/v2\/posts\/7150\/revisions"}],"wp:featuredmedia":[{"embeddable":true,"href":"https:\/\/citcem2023.citcem.org\/en\/wp-json\/wp\/v2\/media\/7042"}],"wp:attachment":[{"href":"https:\/\/citcem2023.citcem.org\/en\/wp-json\/wp\/v2\/media?parent=7150"}],"wp:term":[{"taxonomy":"category","embeddable":true,"href":"https:\/\/citcem2023.citcem.org\/en\/wp-json\/wp\/v2\/categories?post=7150"},{"taxonomy":"post_tag","embeddable":true,"href":"https:\/\/citcem2023.citcem.org\/en\/wp-json\/wp\/v2\/tags?post=7150"},{"taxonomy":"ano-noticia","embeddable":true,"href":"https:\/\/citcem2023.citcem.org\/en\/wp-json\/wp\/v2\/ano-noticia?post=7150"}],"curies":[{"name":"wp","href":"https:\/\/api.w.org\/{rel}","templated":true}]}}