{"id":7147,"date":"2020-09-15T21:51:42","date_gmt":"2020-09-15T21:51:42","guid":{"rendered":"https:\/\/citcem2023.citcem.org\/sergio-figueira-publishes-with-diario-de-noticias\/"},"modified":"2020-09-15T21:51:42","modified_gmt":"2020-09-15T21:51:42","slug":"sergio-figueira-publishes-with-diario-de-noticias","status":"publish","type":"post","link":"https:\/\/citcem2023.citcem.org\/en\/sergio-figueira-publishes-with-diario-de-noticias\/","title":{"rendered":"S\u00e9rgio Figueira publishes with Di\u00e1rio de Not\u00edcias"},"content":{"rendered":"<div class=\"news-text\">\n<p>CITCEM researcher S\u00e9rgio Figueira has been publishing on various topics in &#8220;Di\u00e1rio de Not\u00edcias. Their contributions can be found through the following links:<\/p>\n<p>&nbsp;<\/p>\n<p><strong>&#8220;The Kaiser could not resist visiting the Pena Palace&#8221;<\/strong><\/p>\n<p><a href=\"https:\/\/www.dn.pt\/edicao-do-dia\/25-jul-2020\/o-kaiser-nao-resistiu-a-visitar-o-palacio-da-pena-12464192.html\">https:\/\/www.dn.pt\/edicao-do-dia\/25-jul-2020\/o-kaiser-nao-resistiu-a-visitar-o-palacio-da-pena-12464192.html<\/a><\/p>\n<p>&nbsp;<\/p>\n<p><strong>&#8220;S\u00e9rgio Figueira: &#8220;Porto has always been a counterpower in Portugal&#8221;&#8221;<\/strong><\/p>\n<p><a href=\"https:\/\/www.dn.pt\/edicao-do-dia\/22-ago-2020\/sergio-figueira-o-porto-sempre-foi-um-contrapoder-em-portugal-12540349.html\">https:\/\/www.dn.pt\/edicao-do-dia\/22-ago-2020\/sergio-figueira-o-porto-sempre-foi-um-contrapoder-em-portugal-12540349.html<\/a><\/p>\n<p>&nbsp;<\/p>\n<\/div>\n","protected":false},"excerpt":{"rendered":"<p>CITCEM researcher S\u00e9rgio Figueira has been publishing on various topics in &#8220;Di\u00e1rio de Not\u00edcias. Their contributions can be found through the following links: &nbsp; &#8220;The Kaiser could not resist visiting the Pena Palace&#8221; https:\/\/www.dn.pt\/edicao-do-dia\/25-jul-2020\/o-kaiser-nao-resistiu-a-visitar-o-palacio-da-pena-12464192.html &nbsp; &#8220;S\u00e9rgio Figueira: &#8220;Porto has always been a counterpower in Portugal&#8221;&#8221; https:\/\/www.dn.pt\/edicao-do-dia\/22-ago-2020\/sergio-figueira-o-porto-sempre-foi-um-contrapoder-em-portugal-12540349.html &nbsp;<\/p>\n","protected":false},"author":3,"featured_media":7053,"comment_status":"","ping_status":"","sticky":false,"template":"","format":"standard","meta":[],"categories":[242],"tags":[],"ano-noticia":[266],"_links":{"self":[{"href":"https:\/\/citcem2023.citcem.org\/en\/wp-json\/wp\/v2\/posts\/7147"}],"collection":[{"href":"https:\/\/citcem2023.citcem.org\/en\/wp-json\/wp\/v2\/posts"}],"about":[{"href":"https:\/\/citcem2023.citcem.org\/en\/wp-json\/wp\/v2\/types\/post"}],"author":[{"embeddable":true,"href":"https:\/\/citcem2023.citcem.org\/en\/wp-json\/wp\/v2\/users\/3"}],"replies":[{"embeddable":true,"href":"https:\/\/citcem2023.citcem.org\/en\/wp-json\/wp\/v2\/comments?post=7147"}],"version-history":[{"count":0,"href":"https:\/\/citcem2023.citcem.org\/en\/wp-json\/wp\/v2\/posts\/7147\/revisions"}],"wp:featuredmedia":[{"embeddable":true,"href":"https:\/\/citcem2023.citcem.org\/en\/wp-json\/wp\/v2\/media\/7053"}],"wp:attachment":[{"href":"https:\/\/citcem2023.citcem.org\/en\/wp-json\/wp\/v2\/media?parent=7147"}],"wp:term":[{"taxonomy":"category","embeddable":true,"href":"https:\/\/citcem2023.citcem.org\/en\/wp-json\/wp\/v2\/categories?post=7147"},{"taxonomy":"post_tag","embeddable":true,"href":"https:\/\/citcem2023.citcem.org\/en\/wp-json\/wp\/v2\/tags?post=7147"},{"taxonomy":"ano-noticia","embeddable":true,"href":"https:\/\/citcem2023.citcem.org\/en\/wp-json\/wp\/v2\/ano-noticia?post=7147"}],"curies":[{"name":"wp","href":"https:\/\/api.w.org\/{rel}","templated":true}]}}